{"id":2375,"date":"2021-03-08T23:10:00","date_gmt":"2021-03-08T23:10:00","guid":{"rendered":"https:\/\/wordmaniangirl.ro\/?p=2375"},"modified":"2023-01-27T23:35:07","modified_gmt":"2023-01-27T23:35:07","slug":"viocei-pentru-o-mama","status":"publish","type":"post","link":"https:\/\/wordmaniangirl.ro\/viocei-pentru-o-mama\/","title":{"rendered":"Viocei pentru o mam\u0103"},"content":{"rendered":"\n<p>Pentru mine s\u0103rb\u0103torile acestea universal valabile nu sunt deloc importante. Ba mai mult, cu unele nu rezonez absolut deloc (spre exemplu: Ziua \u00cendr\u0103gosti\u021bilor) \u0219i m\u0103 enerveaz\u0103 maxim toat\u0103 h\u0103rm\u0103laia creat\u0103 \u00een jurul unor concepte care pun presiune pe oameni, \u00een special pe b\u0103rba\u021bi.<\/p>\n\n\n\n<p>Nu sunt o feminist\u0103 radical\u0103 \u0219i nu \u00een\u021beleg deloc pseudo obliga\u021biile \u00eendreptate spre b\u0103rba\u021bi, care s\u0103racii, oricum abia fac fa\u021b\u0103 multitudinii de provoc\u0103ri pe care le semnific\u0103m noi, femeile, \u00een oricare alt\u0103 zi din an. \u0218i mi se pare c\u0103 exist\u0103 un soi de presiune pe care chiar \u0219i femeile o resimt atunci c\u00e2nd ceilal\u021bi din jur se a\u0219teapt\u0103 ca ele s\u0103 fii primit un cadou wow de la personajul masculin din via\u021ba lor. Calma\u021bi-v\u0103! \u00cencotro cu toat\u0103 teroarea asta? Exist\u0103 flori \u00een flor\u0103rii tot anul \u0219i oricare zi este motivul perfect pentru un cadou pe care sim\u021bi cu adev\u0103rat s\u0103 \u00eel oferi.\u00a0<\/p>\n\n\n\n<p>Chiar dac\u0103 la nivel global este Ziua Interna\u021bional\u0103 a Femeii, eu nu m\u0103 simt <strong>mai <\/strong>femeie de 8 martie \u0219i nici nu m\u0103 dau pe spate dovezile de pre\u021buire \u00eentru acest prilej. Pentru c\u0103 real, pentru mine 8 martie pentru mine a \u00eensemnat \u00eentotdeauna <strong>mama mea.<\/strong> <\/p>\n\n\n\n<p>Fiecare 8 martie \u00eemi aduce aminte de \u0219edin\u021bele foto \u00een fa\u021ba tablei, c\u00e2nd \u00eenc\u0103 din clasele primare \u00eenv\u0103\u021bam despre febra cadourilor. Doamna \u00eenv\u0103\u021b\u0103toare ne preg\u0103tea temeinic cu mult timp \u00eenainte pentru ca de ziua ei, a mamei, s\u0103 merg m\u00e2ndr\u0103 acas\u0103 cu poza flutur\u00e2nd\u0103 \u0219i s\u0103 vad\u0103 frumuse\u021be de copil ce-a ie\u0219it din ea.\u0218i dac\u0103 cineva vrea s\u0103 se amuze (\u0219i s\u0103 o fac\u0103 \u00een g\u00e2nd, bine\u00een\u021beles) v\u0103 las mai jos material.<\/p>\n\n\n\n<p><\/p>\n\n\n\n<figure class=\"wp-block-image size-full\"><img  decoding=\"async\"  loading=\"lazy\"  width=\"750\"  height=\"1125\"  src=\"data:image\/png;base64,iVBORw0KGgoAAAANSUhEUgAAAAEAAAABAQMAAAAl21bKAAAAA1BMVEUAAP+KeNJXAAAAAXRSTlMAQObYZgAAAAlwSFlzAAAOxAAADsQBlSsOGwAAAApJREFUCNdjYAAAAAIAAeIhvDMAAAAASUVORK5CYII=\"  alt=\"\"  class=\"wp-image-2380 pk-lazyload\"  data-pk-sizes=\"auto\"  data-ls-sizes=\"(max-width: 750px) 100vw, 750px\"  data-pk-src=\"https:\/\/wordmaniangirl.ro\/wp-content\/uploads\/2023\/01\/image_750x_604943ff9287c-2.jpg\"  data-pk-srcset=\"https:\/\/wordmaniangirl.ro\/wp-content\/uploads\/2023\/01\/image_750x_604943ff9287c-2.jpg 750w, https:\/\/wordmaniangirl.ro\/wp-content\/uploads\/2023\/01\/image_750x_604943ff9287c-2-120x180.jpg 120w, https:\/\/wordmaniangirl.ro\/wp-content\/uploads\/2023\/01\/image_750x_604943ff9287c-2-90x135.jpg 90w, https:\/\/wordmaniangirl.ro\/wp-content\/uploads\/2023\/01\/image_750x_604943ff9287c-2-320x480.jpg 320w, https:\/\/wordmaniangirl.ro\/wp-content\/uploads\/2023\/01\/image_750x_604943ff9287c-2-560x840.jpg 560w\" ><\/figure>\n\n\n\n<figure class=\"wp-block-gallery has-nested-images columns-default is-cropped wp-block-gallery-1 is-layout-flex wp-block-gallery-is-layout-flex\">\n<figure class=\"wp-block-image size-large\"><img  decoding=\"async\"  loading=\"lazy\"  width=\"647\"  height=\"355\"  data-id=\"2384\"  src=\"data:image\/png;base64,iVBORw0KGgoAAAANSUhEUgAAAAEAAAABAQMAAAAl21bKAAAAA1BMVEUAAP+KeNJXAAAAAXRSTlMAQObYZgAAAAlwSFlzAAAOxAAADsQBlSsOGwAAAApJREFUCNdjYAAAAAIAAeIhvDMAAAAASUVORK5CYII=\"  alt=\"\"  class=\"wp-image-2384 pk-lazyload\"  data-pk-sizes=\"auto\"  data-ls-sizes=\"(max-width: 647px) 100vw, 647px\"  data-pk-src=\"https:\/\/wordmaniangirl.ro\/wp-content\/uploads\/2023\/01\/image_750x_6049440590de1-2.jpg\"  data-pk-srcset=\"https:\/\/wordmaniangirl.ro\/wp-content\/uploads\/2023\/01\/image_750x_6049440590de1-2.jpg 647w, https:\/\/wordmaniangirl.ro\/wp-content\/uploads\/2023\/01\/image_750x_6049440590de1-2-120x66.jpg 120w, https:\/\/wordmaniangirl.ro\/wp-content\/uploads\/2023\/01\/image_750x_6049440590de1-2-90x49.jpg 90w, https:\/\/wordmaniangirl.ro\/wp-content\/uploads\/2023\/01\/image_750x_6049440590de1-2-320x176.jpg 320w, https:\/\/wordmaniangirl.ro\/wp-content\/uploads\/2023\/01\/image_750x_6049440590de1-2-560x307.jpg 560w\" ><\/figure>\n<\/figure>\n\n\n\n<p>Doamne, c\u00e2t\u0103 trud\u0103! \u00cenv\u0103\u021bam poezii, f\u0103ceam tot felul de desene declarative \u0219i \u00eemi pictam iubirea pentru mama, cum numai eu a\u0219 putea. Iar eu sunt antitalent la desen. Asta m\u0103 face acum s\u0103 realizez ce mult m\u0103 iubea ea, dac\u0103 se pref\u0103cea at\u00e2t de bine c\u0103 era \u00eenc\u00e2ntat\u0103 de operele mele.&nbsp;<\/p>\n\n\n\n<p>Dar ideea principal\u0103 ar fi c\u0103 eu eram foarte implicat\u0103, super fericit\u0103 \u0219i ner\u0103bd\u0103toare s\u0103 ajung acas\u0103. Nu sim\u021beam o corvoad\u0103 din aceast\u0103 s\u0103rb\u0103toare, ci mai degrab\u0103 emo\u021bia ei, m\u0103 chinuiam s\u0103 o fac pe mami fericit\u0103 \u0219i s\u0103 o surprind cu dovezi de iubire. De\u0219i \u0219tiu c\u0103 pare exagerat, chiar sim\u021beam o mega exaltare. Probabil de asta acum m\u0103 las\u0103 totalmente rece tot ceea ce \u021bine de parada asta gre\u021boas\u0103 de cadouri sofisticate pe care le primesc femeile din jurul meu \u0219i mai ales cele fluturate \u00een online, pentru c\u0103 eu asociez aceast\u0103 s\u0103rb\u0103toare cu emo\u021bia pur\u0103. Cu iubirea incontestabil\u0103 pentru mama mea, cu efortul meu autentic de a-i face ziua frumoas\u0103 prin lucruri de cele mai multe ori nepre\u021buite. Lucruri valoroase pe care nu le cumperi cu bani. A\u0219a cum au fost bra\u021bele feti\u021bei mele \u00eencol\u0103cite pe g\u00e2tul meu, \u00een a 8 diminea\u021b\u0103 din luna asta.\u00a0<\/p>\n\n\n\n<hr class=\"wp-block-separator has-alpha-channel-opacity\"\/>\n\n\n\n<p>M-am trezit la c\u00e2teva secunde dup\u0103 ce ea deschisese deja ochii \u0219i se foia prin pat, d\u00e2ndu-mi c\u00e2t se poate de inocent semnale c\u0103 mi-o iau \u00een cap dac\u0103 am senza\u021bia c\u0103 la ora 7 se mai doarme.&nbsp;<\/p>\n\n\n\n<p>Cu o sear\u0103 \u00eenainte am adormit sup\u0103rate una pe cealalt\u0103, fiindc\u0103 a hot\u0103r\u00e2t c\u0103 ea nu vrea s\u0103 doarm\u0103 \u0219i basta, chiar dac\u0103 era super obosit\u0103, la fel \u0219i eu. Am adormit foarte t\u00e2rziu, ceea ce nu promite deloc un \u00eenceput bun de s\u0103pt\u0103m\u00e2n\u0103. Dar cand s-a trezit a uitat complet c\u0103 ne ciond\u0103nisem \u0219i ca \u00een fiecare diminea\u021b\u0103, ea radia de fericire, parc\u0103 \u0219tia c\u0103 este o zi cu \u00eenc\u0103rc\u0103tur\u0103 emo\u021bional\u0103, c\u0103ci m-a cuprins cu bra\u021bele de dup\u0103 g\u00e2t \u0219i mi-a spus: <em>E\u0219ti cea mai bun\u0103 pieten\u0103 a mea! <\/em>\u0218i a urmat ritualul matinal de iubire, pupicii pe toat\u0103 fa\u021ba, s\u0103rutul eschimo\u0219ilor, p\u00e2n\u0103 la senza\u021bia iminent\u0103 \u0219i real\u0103 de sufocare, de la at\u00e2ta dragoste str\u00e2ns\u0103 de g\u00e2t.\u00a0<\/p>\n\n\n\n<p>I-am spus c\u0103 ast\u0103zi este ziua mea, fiindc\u0103 s\u0103rb\u0103torim Ziua mamei, iar ea mi-a r\u0103spuns non\u0219alant c\u0103 este \u0219i ziua ei.\u00a0<\/p>\n\n\n\n<p><em>\u00a0 \u00a0&#8211; P\u0103i de ce este \u0219i ziua ta?\u00a0\u00a0 \u00a0 \u00a0<\/em><\/p>\n\n\n\n<p><em> \u00a0&#8211; Pentru c\u0103 tu e\u0219ti mama, iar eu sunt copilul.\u00a0\u00a0<\/em><\/p>\n\n\n\n<p>At\u00e2t de simplu.&nbsp;<\/p>\n\n\n\n<p>Cu dou\u0103 propozi\u021bii spuse \u00een v\u00e2rful limbii \u0219i ochii ei frumo\u0219i, mi-a dat o energie grozav\u0103 de a m\u0103 ridica din pat s\u0103 \u00eemi fac o cafea tare \u0219i s\u0103 m\u0103 a\u0219ez la birou cu o poft\u0103 incredibil\u0103 de munc\u0103, de via\u021b\u0103, de scris.&nbsp;<\/p>\n\n\n\n<p>M\u0103 minunez \u00een fiecare zi c\u00e2t sunt de norocoas\u0103 c\u0103 suntem \u00eempreun\u0103. Pentru c\u0103 de\u0219i m\u0103 tot \u00eentreb ce-am f\u0103cut ca s\u0103 primesc a\u0219a un copil senin, bl\u00e2nd, sensibil, at\u00e2t de iubitor \u0219i fericit s\u0103 m\u0103 vad\u0103 \u00een fiecare secund\u0103 din fiecare diminea\u021b\u0103 c\u00e2nd deschide ochii, \u00eenc\u0103 nu am un r\u0103spuns la aceast\u0103 \u00eentrebare.&nbsp;<\/p>\n\n\n\n<p>Aduc\u00e2ndu-mi aminte de mine, copil fiind, \u0219i de str\u0103daniile mele de a-mi face mama fericit\u0103, sim\u021bea ea oare cel pu\u021bin pe jum\u0103tatea a ceea ce simt eu ast\u0103zi? Pentru c\u0103 mie \u00eemi iese inima din piept de fericire, z\u0103u! \u0219i nu am v\u0103zut dec\u00e2t foarte pu\u021bin din magia Anastasiei.&nbsp;<\/p>\n\n\n\n<p>Toat\u0103 ziua mi s-au \u00eenv\u00e2rtit ideile \u0219i amintirile prin cap, dar abia t\u00e2rziu spre sear\u0103 am \u00eenceput s\u0103 realizez c\u0103&#8230;este \u0219i despre mine. C\u0103 de\u0219i la nivel mental nu m-am obi\u0219nuit \u00eenc\u0103 sau, cumva, nu \u00eemi dau voie s\u0103 m\u0103 ridic la statutul mamei mele, care este un fel de regin\u0103 ierarhic vorbind, totu\u0219i\u2026\u0219i <strong>EU SUNT MAM\u0102<\/strong> de 4 ani \u0219i jum\u0103tate, iar \u00eengerul cu chip de om este <strong>copilul meu<\/strong>.&nbsp;<\/p>\n\n\n\n<p>Numai bine c\u0103 s-a \u00eenserat deja \u0219i vine copilul plecat cu bunica mea la plimbare \u0219i \u00eemi flutur\u0103 \u00eenc\u00e2ntat\u0103 prin fa\u021ba ochilor un buche\u021bel de ghiocei pe care i-a primit de la un om de pe uli\u021b\u0103.&nbsp;<\/p>\n\n\n\n<p><em>&nbsp; &nbsp; &nbsp; &nbsp; &nbsp;&#8211; Mami, mami, ia uite, am primit viocei!<\/em><\/p>\n\n\n\n<p><em>&nbsp; &nbsp; &nbsp; &nbsp; &nbsp;&#8211; Vai, c\u00e2t de frumo\u0219i sunt! De unde i-ai cules?&nbsp;<\/em><\/p>\n\n\n\n<p><em>&nbsp; &nbsp; &nbsp; &nbsp; &nbsp;&#8211; Mergeam pe stada \u0219i un b\u0103rbat a zis c\u0103 sunt fumoas\u0103 \u0219i mi-a dat mul\u021bi viocei!&nbsp;<\/em><\/p>\n\n\n\n<p><em>&nbsp; &nbsp; &nbsp; &nbsp; &nbsp;&#8211; Se numesc ghiocei, puiule! \u0218i sunt vestitorii prim\u0103verii, \u0219tiai? Adic\u0103 afar\u0103 e anotimpul prim\u0103var\u0103.<\/em><\/p>\n\n\n\n<p><em>&nbsp; &nbsp; &nbsp; &nbsp; &nbsp;&#8211; Mami, vioceii sunt foarte fumosi, dar eu nu \u0219tiam forire astea!&nbsp;<\/em><\/p>\n\n\n\n<p><em>&nbsp; &nbsp; &nbsp; &nbsp; &nbsp;&#8211; Mai sunt multe lucruri pe care urmeaz\u0103 s\u0103 le afli. Ce vrei s\u0103 facem cu ei?<\/em><\/p>\n\n\n\n<p><em>&nbsp; &nbsp; &nbsp; &nbsp; &nbsp;&#8211; \u021ai-i dau \u021bie. Ia!&nbsp;<\/em><\/p>\n\n\n\n<p><em>&nbsp; &nbsp; &nbsp; &nbsp; &nbsp;&#8211; Multumesc, iubita mea, dar sunt ai t\u0103i, tu i-ai primit. De ce mi-i dai mie?<\/em><\/p>\n\n\n\n<p><em>&nbsp; &nbsp; &nbsp; &nbsp; &nbsp;&#8211; Pentru c\u0103 e\u0219ti <\/em><strong><em>o mam\u0103.<\/em><\/strong><em>&nbsp;<\/em><em><\/em><\/p>\n\n\n\n<p>Feti\u021ba mea a descoperit ni\u0219te flori ginga\u0219e care se numesc <em>viocei <\/em>\u0219i este foarte bucuroas\u0103 \u00een leg\u0103tur\u0103 cu asta! Iar eu m\u0103 topesc, pe cuv\u00e2ntul meu de om, c\u0103ci oficial am confirmarea c\u0103 da, chiar sunt o mam\u0103.&nbsp;<\/p>\n\n\n\n<p>De acum \u00eenainte, 8 martie va fi \u0219i despre mine. Pentru c\u0103 \u0219i eu sunt <em>o mam\u0103<\/em>.\u00a0<\/p>\n","protected":false},"excerpt":{"rendered":"<p>Pentru mine s\u0103rb\u0103torile acestea universal valabile nu sunt deloc importante. Ba mai mult, cu unele nu rezonez absolut deloc (spre exemplu: Ziua \u00cendr\u0103gosti\u021bilor) \u0219i m\u0103 enerveaz\u0103 maxim toat\u0103 h\u0103rm\u0103laia creat\u0103&hellip;<\/p>\n","protected":false},"author":1,"featured_media":2381,"comment_status":"open","ping_status":"open","sticky":false,"template":"","format":"standard","meta":{"footnotes":""},"categories":[7],"tags":[47,43,37],"powerkit_post_featured":[],"_links":{"self":[{"href":"https:\/\/wordmaniangirl.ro\/?rest_route=\/wp\/v2\/posts\/2375"}],"collection":[{"href":"https:\/\/wordmaniangirl.ro\/?rest_route=\/wp\/v2\/posts"}],"about":[{"href":"https:\/\/wordmaniangirl.ro\/?rest_route=\/wp\/v2\/types\/post"}],"author":[{"embeddable":true,"href":"https:\/\/wordmaniangirl.ro\/?rest_route=\/wp\/v2\/users\/1"}],"replies":[{"embeddable":true,"href":"https:\/\/wordmaniangirl.ro\/?rest_route=%2Fwp%2Fv2%2Fcomments&post=2375"}],"version-history":[{"count":2,"href":"https:\/\/wordmaniangirl.ro\/?rest_route=\/wp\/v2\/posts\/2375\/revisions"}],"predecessor-version":[{"id":2385,"href":"https:\/\/wordmaniangirl.ro\/?rest_route=\/wp\/v2\/posts\/2375\/revisions\/2385"}],"wp:featuredmedia":[{"embeddable":true,"href":"https:\/\/wordmaniangirl.ro\/?rest_route=\/wp\/v2\/media\/2381"}],"wp:attachment":[{"href":"https:\/\/wordmaniangirl.ro\/?rest_route=%2Fwp%2Fv2%2Fmedia&parent=2375"}],"wp:term":[{"taxonomy":"category","embeddable":true,"href":"https:\/\/wordmaniangirl.ro\/?rest_route=%2Fwp%2Fv2%2Fcategories&post=2375"},{"taxonomy":"post_tag","embeddable":true,"href":"https:\/\/wordmaniangirl.ro\/?rest_route=%2Fwp%2Fv2%2Ftags&post=2375"},{"taxonomy":"powerkit_post_featured","embeddable":true,"href":"https:\/\/wordmaniangirl.ro\/?rest_route=%2Fwp%2Fv2%2Fpowerkit_post_featured&post=2375"}],"curies":[{"name":"wp","href":"https:\/\/api.w.org\/{rel}","templated":true}]}}