{"id":2436,"date":"2022-03-29T02:13:00","date_gmt":"2022-03-29T02:13:00","guid":{"rendered":"https:\/\/wordmaniangirl.ro\/?p=2436"},"modified":"2023-01-28T02:28:48","modified_gmt":"2023-01-28T02:28:48","slug":"la-multi-ani-doamna-mea-rupta-din-basme","status":"publish","type":"post","link":"https:\/\/wordmaniangirl.ro\/la-multi-ani-doamna-mea-rupta-din-basme\/","title":{"rendered":"La mul\u021bi ani, doamna mea rupt\u0103 din basme!"},"content":{"rendered":"\n<p>\u00cen septembrie se \u00eemplinesc 24 de ani de c\u00e2nd am mers prima dat\u0103 la \u0219coal\u0103 \u0219i \u00eemi amintesc totul de parc\u0103 \u00eenc\u0103 a\u0219 purta pe mine dresurile alea supraelastice care \u00eemi d\u0103deau m\u00e2nc\u0103rimi pe fund, uniforma albastr\u0103 cu p\u0103tr\u0103\u021bele \u0219i \u0219or\u021bule\u021b&nbsp;albastru. Eram un pui de om mai mare (c\u0103ci am intrat la \u0219coala la opt ani \u0219i dou\u0103 luni), care abia-abia d\u0103duse drumul m\u00e2inii mamei lui \u0219i p\u0103\u0219ea timid prin clasa de la primul etaj al internatului anexat Liceului Pedagogic pe vremea aia, cunoscut acum drept C.N.I. Matei Basarab.<\/p>\n\n\n\n<p>Era o clas\u0103 mic\u0103, avea b\u0103nci vechi pictate cu tot felul de \u00eenscrisuri de c\u0103tre predecesorii mei, erau dispuse de o parte \u0219i de alta a unui culoar \u00eengust de trecere p\u00e2n\u0103 la fereastr\u0103; \u00een fa\u021ba noastr\u0103 pe partea st\u00e2ng\u0103 era a\u0219ezat\u0103 o tabl\u0103 imens\u0103 neagr\u0103 cu multe desene de cret\u0103 colorat\u0103 \u0219i pe partea dreapt\u0103 era ea, \u00eengerul. Doamna mea \u00eenv\u0103\u021b\u0103toare, un \u00eenger de cobor\u00e2t din Rai.<\/p>\n\n\n\n<p>Dup\u0103 mama \u0219i mamaia mea, v\u0103 jur c\u0103 nu mai v\u0103zusem p\u00e2n\u0103 atunci o femeie de o asemenea frumuse\u021be: era foarte \u00eenalt\u0103, avea pielea alb\u0103 \u0219i p\u0103rea catifelat\u0103 chiar \u0219i de la distan\u021b\u0103, iar p\u0103rul lung bogat \u0219i negru, prins \u00eentr-o coafur\u0103 perfect\u0103 la spate. Era Alb\u0103 ca z\u0103pada modern\u0103 cu mul\u021bi pitici alba\u0219tri \u0219i g\u0103l\u0103gio\u0219i &#8211; pur \u0219i simplu ireal de frumoas\u0103. Iar ochii? Avea cei mai frumo\u0219i ochi c\u0103prui, mari \u0219i bl\u00e2nzi, z\u00e2mbea tot timpul \u0219i cred c\u0103 am uitat pe loc de teama c\u0103 r\u0103m\u00e2ne singur\u0103 acolo, f\u0103r\u0103 p\u0103rin\u021bii mei.<\/p>\n\n\n\n<p>Am multe amintiri vii \u00een memorie din clasele primare, de la lec\u021biile de \u0219tiin\u021bele naturii unde am luat singurul meu \u201eB\u201d pentru c\u0103 t\u0103iasem&nbsp;porcul la \u021bar\u0103 \u0219i nu am apucat sa \u00eemi termin tema pentru a doua zi, p\u00e2n\u0103 la excursii, lec\u021biile de istorie \u00een care le citeam &nbsp;colegilor cu voce tare \u00een fa\u021ba clasei (a\u021bi ghicit, eram \u0219efa clasei), pauzele dintre ore c\u00e2nd m\u00e2ncam covrigi populari \u0219i mai ales, mi-l amintesc pe Cosmin care dormea mereu \u00een ultima banc\u0103.<\/p>\n\n\n\n<p>\u00cemi amintesc c\u0103 eram mici, f\u0103r\u0103 nicio grij\u0103 pe p\u0103m\u00e2nt. Eram ferici\u021bi.<\/p>\n\n\n\n<p>\u00cemi aduc aminte c\u0103 puneam \u00een fiecare diminea\u021b\u0103 puneam m\u00e2inile pe b\u0103nci \u0219i ne verificau asistentele s\u0103 avem unghiile t\u0103iate \u0219i curate, batist\u0103 alba \u0219i c\u00e2teodat\u0103 \u00een cap de p\u0103duchi (nu \u0219tiu cum de am fentat sistemul la c\u00e2te ture de musafiri am avut din fa\u021ba blocului), am schimbat mai multe s\u0103li p\u00e2n\u0103 \u00eentr-a patra, iar colegii s-au schimbat \u0219i ei pe parcurs. \u00cemi amintesc chipurile lor, chiar dac\u0103 pe mul\u021bi dintre ei nu mai \u0219tiu cum \u00eei cheam\u0103.<\/p>\n\n\n\n<p>Dar cel mai bine &nbsp;\u00eemi amintesc c\u0103 \u00eemi doream cu ner\u0103bdare s\u0103 m\u0103 \u00eentorc \u00een fiecare zi la \u0219coal\u0103 pentru c\u0103 deschideam u\u0219a clasei \u0219i EA era acolo z\u00e2mbind larg cu bucuria unei mame care \u00ee\u0219i vede copilul venind spre ea, iar ei ochii de o bl\u00e2nde\u021be nep\u0103m\u00e2ntean\u0103 \u00eemi spuneau tot ce avea nevoie un copil s\u0103 \u0219tie la v\u00e2rsta aia. C\u0103 sunt \u00een siguran\u021b\u0103. C\u0103 sunt ocrotit\u0103. C\u0103 nevoile mele conteaz\u0103. C\u0103 acela era un loc \u00een care \u00eenv\u0103\u021bam primele lec\u021bii din multele cele care vor urma.<\/p>\n\n\n\n<p>Ea \u00eemi explica \u00eentotdeauna r\u0103bd\u0103toare, m\u0103 \u00eencuraja s\u0103 r\u0103spund f\u0103r\u0103 s\u0103 simt teama c\u0103 vor exista urm\u0103ri dac\u0103 voi gre\u0219i; m\u0103 motiva s\u0103 \u00eemi dep\u0103\u0219esc limitele la concursuri \u0219i \u00eemi spunea tot timpul c\u0103 este m\u00e2ndr\u0103 de mine, indiferent de rezultate.<\/p>\n\n\n\n<p>Era bun\u0103 \u0219i fericit\u0103, se purta frumos cu noi to\u021bi, chiar dac\u0103 unii colegi erau extrem de energici, g\u0103sea forma prin care s\u0103 te fac\u0103 s\u0103 \u00eei sorbi fiecare cuv\u00e2nt. Iar pe mine m\u0103 f\u0103cea s\u0103 m\u0103 simt IUBIT\u0102 \u0219i \u0219tiu c\u0103 a\u0219 fi f\u0103cut orice s\u0103 o v\u0103d z\u00e2mbind mul\u021bumit\u0103.<\/p>\n\n\n\n<p><strong>Anul acesta se \u00eemplinesc 20 de ani de c\u00e2nd am terminat clasa a patra \u0219i mi-a dat drumul s\u0103 zbor plin\u0103 de resurse \u0219i \u00eencredere \u00een propriile for\u021be spre alte z\u0103ri, dar doamna mea \u00eenv\u0103\u021b\u0103toare \u00eenc\u0103 \u00eemi spune cu fiecare ocazie c\u0103 m\u0103 iube\u0219te \u0219i este m\u00e2ndr\u0103 de mine.<\/strong><\/p>\n\n\n\n<p>Simt c\u0103 divinitatea a fost bun\u0103 cu mine pentru c\u0103 am avut norocul s\u0103 \u00eei fiu \u00eenv\u0103\u021b\u0103cel acestei z\u00e2ne bl\u00e2nde ce a construit funda\u021bia omului care sunt din materiale s\u0103n\u0103toase, durabile. Cu bun\u0103tate \u0219i d\u0103ruire pentru cea mai important\u0103 meserie, cu responsabilitatea \u0219i con\u0219tiin\u021ba&nbsp;deplin\u0103 c\u0103 \u00eendrum\u0103 primii pa\u0219i ai unor copii mici, viitori oameni mari \/ p\u0103rin\u021bi\/ angaja\u021bi la r\u00e2ndul lor.<\/p>\n\n\n\n<p class=\"is-style-cnvs-paragraph-callout\">Ast\u0103zi este ziua ei \u0219i a\u0219 vrea s\u0103 \u00eei spun c\u0103 o iubesc cu maturitate, recuno\u0219tin\u021b\u0103 \u0219i admira\u021bie pentru tot ce a s\u0103dit \u00een mine, la fel de mult \u0219i cu emo\u021bie ca \u00een prima zi de septembrie.<\/p>\n","protected":false},"excerpt":{"rendered":"<p>\u00cen septembrie se \u00eemplinesc 24 de ani de c\u00e2nd am mers prima dat\u0103 la \u0219coal\u0103 \u0219i \u00eemi amintesc totul de parc\u0103 \u00eenc\u0103 a\u0219 purta pe mine dresurile alea supraelastice care&hellip;<\/p>\n","protected":false},"author":1,"featured_media":2437,"comment_status":"open","ping_status":"closed","sticky":false,"template":"","format":"standard","meta":{"footnotes":""},"categories":[7],"tags":[55,79],"powerkit_post_featured":[],"_links":{"self":[{"href":"https:\/\/wordmaniangirl.ro\/?rest_route=\/wp\/v2\/posts\/2436"}],"collection":[{"href":"https:\/\/wordmaniangirl.ro\/?rest_route=\/wp\/v2\/posts"}],"about":[{"href":"https:\/\/wordmaniangirl.ro\/?rest_route=\/wp\/v2\/types\/post"}],"author":[{"embeddable":true,"href":"https:\/\/wordmaniangirl.ro\/?rest_route=\/wp\/v2\/users\/1"}],"replies":[{"embeddable":true,"href":"https:\/\/wordmaniangirl.ro\/?rest_route=%2Fwp%2Fv2%2Fcomments&post=2436"}],"version-history":[{"count":1,"href":"https:\/\/wordmaniangirl.ro\/?rest_route=\/wp\/v2\/posts\/2436\/revisions"}],"predecessor-version":[{"id":2438,"href":"https:\/\/wordmaniangirl.ro\/?rest_route=\/wp\/v2\/posts\/2436\/revisions\/2438"}],"wp:featuredmedia":[{"embeddable":true,"href":"https:\/\/wordmaniangirl.ro\/?rest_route=\/wp\/v2\/media\/2437"}],"wp:attachment":[{"href":"https:\/\/wordmaniangirl.ro\/?rest_route=%2Fwp%2Fv2%2Fmedia&parent=2436"}],"wp:term":[{"taxonomy":"category","embeddable":true,"href":"https:\/\/wordmaniangirl.ro\/?rest_route=%2Fwp%2Fv2%2Fcategories&post=2436"},{"taxonomy":"post_tag","embeddable":true,"href":"https:\/\/wordmaniangirl.ro\/?rest_route=%2Fwp%2Fv2%2Ftags&post=2436"},{"taxonomy":"powerkit_post_featured","embeddable":true,"href":"https:\/\/wordmaniangirl.ro\/?rest_route=%2Fwp%2Fv2%2Fpowerkit_post_featured&post=2436"}],"curies":[{"name":"wp","href":"https:\/\/api.w.org\/{rel}","templated":true}]}}