{"id":2973,"date":"2023-08-22T12:02:07","date_gmt":"2023-08-22T10:02:07","guid":{"rendered":"https:\/\/wordmaniangirl.ro\/?p=2973"},"modified":"2023-08-22T12:29:55","modified_gmt":"2023-08-22T10:29:55","slug":"un-adevar-pe-care-trebuie-sa-invatam-sa-l-invatam","status":"publish","type":"post","link":"https:\/\/wordmaniangirl.ro\/un-adevar-pe-care-trebuie-sa-invatam-sa-l-invatam\/","title":{"rendered":"Un adev\u0103r pe care trebuie s\u0103 \u00eenv\u0103\u021b\u0103m s\u0103-l \u00eenv\u0103\u021b\u0103m"},"content":{"rendered":"\n<p>\u00cen perioadele de \u00eentuneric \u0219i neputin\u021b\u0103 m-am sim\u021bit singur\u0103. Foarte singur\u0103. \u00cemi d\u0103deam seama c\u0103 pot trece cu lejeritate printr-o \u00eenc\u0103pere f\u0103r\u0103 ca nimeni s\u0103 observe cum sunt pe din\u0103untru.<\/p>\n\n\n\n<p>Dar adev\u0103rul este c\u0103 depresia \u0219i iadul interior au de cele mai multe ori chipuri fericite, senine, \ud835\udc8f\ud835\udc90\ud835\udc93\ud835\udc8e\ud835\udc82\ud835\udc8d\ud835\udc86, cum ne place s\u0103 spunem.<\/p>\n\n\n\n<p>\u00cenc\u0103 o dat\u0103, experien\u021ba mea este subiectiv\u0103 \u0219i poate nu va fi niciodat\u0103 suficient de gr\u0103itoare pentru to\u021bi cei care au ars \u00een t\u0103cere \u0219i au continuat s\u0103 lupte cu suferin\u021bele psihice \u00een ciuda faptului c\u0103 nu au primit ajutor \u0219i suport din partea celor din jur. Totu\u0219i via\u021ba a fost bun\u0103 cu mine \u0219i mi-a oferit multe \u00eent\u00e2mpl\u0103ri \u0219i \u00een\u021belepciunea s\u0103 \u00eenv\u0103\u021b din ele, de aia azi \u00eemp\u0103rt\u0103\u0219esc una din ele.<\/p>\n\n\n\n<h2 id=\"de-ce-mie-imi-este-usor-sa-nu-urasc-pe-nimeni-fiindca-am-fost-lasata-sa-ratacesc-de-una-singura-pe-cararile-intortocheate-a-creierului-meu\" class=\"wp-block-heading\">De ce mie \u00eemi este u\u0219or s\u0103 nu ur\u0103sc pe nimeni fiindc\u0103 am fost l\u0103sat\u0103 s\u0103 r\u0103t\u0103cesc de una singur\u0103 pe c\u0103r\u0103rile \u00eentortocheate a creierului meu?<\/h2>\n\n\n\n<p>Eram \u00een anul 2 de facultate, student\u0103 la Sociologie \u00een Bucure\u0219ti \u0219i tocmai terminasem o sesiune dificil\u0103, a\u0219a c\u0103 am \u00eempachetat \u0219i m-am dus acas\u0103 la R\u00e2mnicu V\u00e2lcea s\u0103-mi petrec vacan\u021ba dintre semestre acolo. \u00cenc\u0103 nu v\u00e2ndusem apartamentul familiei, \u00een care de cele mai multe ori era cuibul de \u00eent\u00e2lnire al g\u0103\u0219tii mele de prieteni apropia\u021bi.<\/p>\n\n\n\n<p>\u00centr-o sear\u0103 pe la sf\u00e2r\u0219itul lui februarie 2012 am ie\u0219it la discotec\u0103 cu ei, iar \u00een grup a ap\u0103rut o fat\u0103 nou\u0103, iubita unuia dintre prietenii mei. Fiind o mare familie, niciunul dintre noi nu a pus \u00eentreb\u0103ri, prezen\u021ba ei fiind suficient\u0103 s\u0103 fie considerat\u0103 parte din ga\u0219c\u0103. Ne-am pupat, ne-am \u00eembr\u0103\u021bi\u0219at \u0219i am dansat toat\u0103 seara, ca ni\u0219te tineri normali \u0219i ferici\u021bi, f\u0103r\u0103 prea multe griji.<\/p>\n\n\n\n<p>La un moment dat, prietenul meu mi-a cerut cheile de la cas\u0103 \u0219i au anun\u021bat c\u0103 se retrag \u00eempreun\u0103, el \u0219i ea, dar urma s\u0103 ne vedem c\u00e2nd se \u00eencheia seara \u0219i pentru mine. <\/p>\n\n\n\n<p>Ei bine, la 22 de ani eram neobosit\u0103 \u0219i mai ales dup\u0103 o sesiune a\u0219a stresant\u0103 \u00eemi doream s\u0103 cuprind \u00een vacan\u021ba aia toate lucrurile pe care nu le puteam face \u00een timpul cursurilor. Am ajuns acas\u0103 pe la 5 diminea\u021b\u0103, unde prietenul meu \u0219i iubita lui nu dormeau, m-am a\u0219ezat \u00eentre ei pe canapea \u0219i am povestit verzi \u0219i uscate.<\/p>\n\n\n\n<p>S. se uita la mine cu o senin\u0103tate pe care atunci nu eram capabil\u0103 s-o descifrez.<\/p>\n\n\n\n<blockquote class=\"wp-block-quote\">\n<p><em>\u201eDoamne, c\u00e2t\u0103 energie po\u021bi s\u0103 ai! De unde ai at\u00e2ta poft\u0103 de via\u021b\u0103 la ora asta?\u201d<\/em><\/p>\n<\/blockquote>\n\n\n\n<p>m-a \u00eentrebat \u0219i probabil n-o s\u0103-mi \u0219terg niciodat\u0103 imaginea ei \u00eembr\u0103cat\u0103 cu bluza mea de pijama, \u00een patul meu, l\u00e2ng\u0103 mine, \u00eei puteam auzi b\u0103t\u0103ile inimii dac\u0103 m\u0103 str\u0103duiam. <strong>Nu am v\u0103zut-o, nu am auzit-o<\/strong>. <\/p>\n\n\n\n<p>P\u0103rea luminoas\u0103, f\u0103r\u0103 nicio problem\u0103. De\u0219i atunci m\u0103 v\u0103zuse pentru prima dat\u0103 era deschis\u0103, z\u00e2mbitoare \u0219i cald\u0103. \u00ce\u0219i dorea s\u0103 ne \u00eemprietenim. P\u0103rea bine. \u00cen realitate era resemnat\u0103. Chinuit\u0103. Tulburat\u0103. Singur\u0103. Suferea cumplit.<\/p>\n\n\n\n<p class=\"is-style-cnvs-paragraph-callout\">C\u00e2teva zile mai t\u00e2rziu dup\u0103 \u00eent\u00e2lnirea noastr\u0103 s-a aruncat de pe un pod \u00een r\u00e2ul Olt, fiindc\u0103 nu a mai suportat durerea \u00een care tr\u0103ia \u0219i cu siguran\u021b\u0103 nu a mai avut resurse s\u0103 lupte de una singur\u0103.<\/p>\n\n\n\n<p>Din fericire a fost salvat\u0103 la timp \u0219i din ce \u00eemi amintesc a fost internat\u0103 la psihiatrie; chiar dac\u0103 nu mai \u0219tim nimic despre ea, \u00eemi doresc cu toat\u0103 inima sa fie bine, oriunde ar fi azi.<\/p>\n\n\n\n<p>Depresia are uneori o fa\u021b\u0103 z\u00e2mbitoare \u00een spatele c\u0103reia se ascunde mult\u0103 durere. O masc\u0103 de z\u00e2mbet \u0219i de for\u021b\u0103 aparent\u0103, pe care am ales-o pentru a ne proteja pe noi, dar \u0219i ca s\u0103-i protej\u0103m pe ceilal\u021bi de adev\u0103ratele noastre sentimente.<\/p>\n\n\n\n<p>Pentru c\u0103 s\u0103 fim one\u0219ti, uneori ne vine mult mai u\u0219or s\u0103 r\u0103m\u00e2nem deoparte. E dificil s\u0103 gestionezi un om deprimat, anxios \u0219i cu o p\u0103rere distorsionat\u0103 de traum\u0103 asupra propriei persoane dec\u00e2t s\u0103 facem eforturi s\u0103-i fim al\u0103turi \u00een mod real, f\u0103r\u0103 judecat\u0103.<\/p>\n\n\n\n<p>\u00cemi aduc aminte mereu de S. \u0219i de privirea ei.<\/p>\n\n\n\n<p>Mi-am dat seama dup\u0103 mul\u021bi ani, ani \u00een care depresia \u0219i tendin\u021ba mea masochist\u0103 de a suferi \u00een t\u0103cere m-au t\u0103v\u0103lit, c\u0103 de fapt \u00een seara c\u00e2nd ea m-a \u00eentrebat de unde am at\u00e2ta poft\u0103 de via\u021b\u0103 a avut o \u00eencercare de a-mi comunica, \u00een felul ei, c\u0103 ea nu mai avea.<\/p>\n\n\n\n<p>A fost o chemare discret\u0103 dup\u0103 ajutor.<\/p>\n\n\n\n<p>Dar cum s\u0103 observ asta c\u00e2nd \u00een spatele z\u00e2mbetului meu a fost \u00eentotdeauna un suflet care s-a zb\u0103tut s\u0103 supravie\u021buiasc\u0103? Cum s\u0103 \u00eemi dau seama de asta c\u00e2nd tot ce vedeam eu \u00een oglind\u0103 era un un om \u201ebine\u201d \u0219i o fa\u021b\u0103 luminat\u0103 de bucurie, cu o copil\u0103rie fericit\u0103, cu mul\u021bi prieteni \u0219i un vid interior pe care \u00eel negam \u00een mod automat fiindc\u0103 nu \u00eel \u00een\u021belegeam?<\/p>\n\n\n\n<p>Nu \u00eentotdeauna lucrurile sunt a\u0219a cum par. Oamenii sunt mai mult dec\u00e2t las\u0103 s\u0103 se vad\u0103. \u0218i nu pentru c\u0103 suntem pref\u0103cu\u021bi, din contr\u0103, pentru c\u0103 ne pas\u0103 at\u00e2t de mult de tot ce-i \u00een jur \u00eenc\u00e2t ideea de-ai \u00eempov\u0103ra pe cei pe care-i iubim ne opre\u0219te s\u0103 cerem ajutor.<\/p>\n\n\n\n<p>De aia uneori tr\u0103im singuri \u00eenconjura\u021bi de o mare de oameni care ne iubesc \u0219i totu\u0219i&#8230;nu ne v\u0103d. \u0218i este de \u00een\u021beles, depresia nu are mereu o fa\u021b\u0103 trist\u0103. A mea are o fa\u021b\u0103 z\u00e2mbitoare, vesel\u0103, energic\u0103. Nu pot ur\u00ee pe nimeni pentru asta.<\/p>\n\n\n\n<p>S. a fost o lec\u021bie pe care de\u0219i am primit-o la 22 de ani, a revenit \u00een mintea mea constant \u0219i de fiecare dat\u0103 am \u00eenv\u0103\u021bat altceva.<\/p>\n\n\n\n<p class=\"is-style-cnvs-paragraph-callout\">Am \u00eenv\u0103\u021bat c\u0103 trebuie s\u0103 fim aten\u021bi. Nu doar la cuvinte, ci \u0219i la t\u0103ceri. S\u0103 fim aten\u021bi la priviri, la gesturi. S\u0103 nu ne l\u0103s\u0103m p\u0103c\u0103li\u021bi de z\u00e2mbete \u0219i s\u0103 avem curajul s\u0103-i \u00eentreb\u0103m mai ales pe cei pe care \u00eei iubim autentic: <em>\u201eE\u0219ti bine cu adev\u0103rat?\u201d<\/em><\/p>\n\n\n\n<p><a href=\"https:\/\/www.facebook.com\/hashtag\/via%C8%9Baf%C4%83r%C4%83filtru?__eep__=6&amp;__cft__%5b0%5d=AZU238Z-dLvUTCy8VjRZAvtmaoDZjjGHJCYjqUaWH3ely06AvzZRCZWZ2uHQ5hc0hO-6hzvuogRd9P1_R2C85F35Qxk3h_iYbU0VK_lX-5I20XdLnTYbPIEckak4HnB4mzFRnV5d70v8g5TC-fAjiHvxKE4HxSe2J6Ci4WaNHThUtjg7BFIueXIj1zG-pxLk07U&amp;__tn__=*NK-R\">#via\u021baf\u0103r\u0103filtru<\/a><\/p>\n","protected":false},"excerpt":{"rendered":"<p>\u00cen perioadele de \u00eentuneric \u0219i neputin\u021b\u0103 m-am sim\u021bit singur\u0103. Foarte singur\u0103. \u00cemi d\u0103deam seama c\u0103 pot trece cu lejeritate printr-o \u00eenc\u0103pere f\u0103r\u0103 ca nimeni s\u0103 observe cum sunt pe din\u0103untru.&hellip;<\/p>\n","protected":false},"author":1,"featured_media":2974,"comment_status":"open","ping_status":"open","sticky":false,"template":"","format":"standard","meta":{"footnotes":""},"categories":[32],"tags":[],"powerkit_post_featured":[2,4,6],"_links":{"self":[{"href":"https:\/\/wordmaniangirl.ro\/?rest_route=\/wp\/v2\/posts\/2973"}],"collection":[{"href":"https:\/\/wordmaniangirl.ro\/?rest_route=\/wp\/v2\/posts"}],"about":[{"href":"https:\/\/wordmaniangirl.ro\/?rest_route=\/wp\/v2\/types\/post"}],"author":[{"embeddable":true,"href":"https:\/\/wordmaniangirl.ro\/?rest_route=\/wp\/v2\/users\/1"}],"replies":[{"embeddable":true,"href":"https:\/\/wordmaniangirl.ro\/?rest_route=%2Fwp%2Fv2%2Fcomments&post=2973"}],"version-history":[{"count":3,"href":"https:\/\/wordmaniangirl.ro\/?rest_route=\/wp\/v2\/posts\/2973\/revisions"}],"predecessor-version":[{"id":2977,"href":"https:\/\/wordmaniangirl.ro\/?rest_route=\/wp\/v2\/posts\/2973\/revisions\/2977"}],"wp:featuredmedia":[{"embeddable":true,"href":"https:\/\/wordmaniangirl.ro\/?rest_route=\/wp\/v2\/media\/2974"}],"wp:attachment":[{"href":"https:\/\/wordmaniangirl.ro\/?rest_route=%2Fwp%2Fv2%2Fmedia&parent=2973"}],"wp:term":[{"taxonomy":"category","embeddable":true,"href":"https:\/\/wordmaniangirl.ro\/?rest_route=%2Fwp%2Fv2%2Fcategories&post=2973"},{"taxonomy":"post_tag","embeddable":true,"href":"https:\/\/wordmaniangirl.ro\/?rest_route=%2Fwp%2Fv2%2Ftags&post=2973"},{"taxonomy":"powerkit_post_featured","embeddable":true,"href":"https:\/\/wordmaniangirl.ro\/?rest_route=%2Fwp%2Fv2%2Fpowerkit_post_featured&post=2973"}],"curies":[{"name":"wp","href":"https:\/\/api.w.org\/{rel}","templated":true}]}}