{"id":3035,"date":"2025-05-20T12:48:10","date_gmt":"2025-05-20T10:48:10","guid":{"rendered":"https:\/\/wordmaniangirl.ro\/?p=3035"},"modified":"2025-05-20T12:48:11","modified_gmt":"2025-05-20T10:48:11","slug":"patru-generatii-de-constiinta-civica","status":"publish","type":"post","link":"https:\/\/wordmaniangirl.ro\/patru-generatii-de-constiinta-civica\/","title":{"rendered":"Patru genera\u021bii de con\u0219tiin\u021b\u0103 civic\u0103"},"content":{"rendered":"\n<p>Duminica asta n-am f\u0103cut ciorb\u0103, n-am lenevit, de\u0219i mi-a fost r\u0103u din cauza faringitei, ci m-am dus cu toat\u0103 speran\u021ba \u0219i spaima, totodat\u0103, la vot. Mi-am luat partenerul \u0219i copilul de m\u00e2n\u0103, mama \u0219i bunica de cot, fiindc\u0103 avem nevoie s\u0103 fim \u00eempreun\u0103, s\u0103 ne asigur\u0103m c\u0103 le construim un viitor liber copiilor no\u0219tri.<\/p>\n\n\n\n<p>De\u0219i a ie\u0219it din mine, <strong>Anastasia este, f\u0103r\u0103 doar \u0219i poate responsabilitatea noastr\u0103 comun\u0103<\/strong>. Depinde de fiecare dintre noi ce \u00eei ar\u0103t\u0103m despre Rom\u00e2nia \u0219i ce \u00eei l\u0103s\u0103m mo\u0219tenire.<strong> Ce sper\u0103m c\u0103 o s\u0103 \u00een\u021beleag\u0103 c\u00e2nd, peste ani, o s-o \u00eentrebe cineva cum era Rom\u00e2nia c\u00e2nd era ea mic\u0103.<\/strong><\/p>\n\n\n\n<p>Anastasia a fost cu mine la fiecare votare \u00een ultimii 9 ani, iar de c\u00e2nd a putut s\u0103 apuce cu m\u00e2na tot ea a pus \u0219tampila pe buletinul de vot. Acum, c\u0103 este suficient de mare, a urm\u0103rit cu mine, sear\u0103 de sear\u0103, toate \u0219tirile, posturile de televiziune, exit poll-urile, \u0219i s-a bucurat cu surle \u0219i tr\u00e2mbi\u021be al\u0103turi de noi, adul\u021bii \u0103\u0219tia mari \u0219i de\u0219tepti, c\u00e2nd omul \u00een care credem a c\u00e2\u0219tigat. \u0218i chiar dup\u0103 primul tur, c\u00e2nd p\u0103rea c\u0103 n-are nicio \u0219ans\u0103 s\u0103 \u00eenving\u0103, i-am spus c\u0103 vom continua s\u0103 vot\u0103m, indiferent de rezultat. Nu vot\u0103m doar c\u00e2nd avem garan\u021bia victoriei, ci vot\u0103m pentru c\u0103 a\u0219a e corect, pentru c\u0103 este un drept fundamental &#8211; ea nu \u0219tie \u00eenc\u0103, dar nu l-a avut dintotdeauna \u0219i pentru c\u0103 valorile \u00een care credem r\u0103m\u00e2n neclintite, cu at\u00e2t mai mult \u00een fa\u021ba unui asemenea pericol ca cel de p\u00e2n\u0103 ieri. Am mers din nou cu acela\u0219i om \u00een minte, cu aceea\u0219i credin\u021b\u0103 \u0219i emo\u021bie \u00een piept, iar pentru c\u0103 binele \u00eenvinge atunci c\u00e2nd Dumnezeu \u00ee\u0219i apleac\u0103 privirea spre noi, de data asta, a fost cum ne-am rugat. Este bine, va fi bine.<\/p>\n\n\n\n<p class=\"is-style-cnvs-paragraph-callout has-medium-font-size\">Nu \u0219tiu ce au ales ceilal\u021bi. \u0218tiu doar c\u0103, pentru noi cinci, votul a fost cum suntem construi\u021bi noi pe din\u0103untru.<\/p>\n\n\n\n<p>Mamaie nu are prea mult\u0103 \u0219coal\u0103, dar s-a uitat la \u0219tiri, a vorbit cu copiii ei \u0219i a \u00een\u021beles cine este fiecare candidat. Mamaie a mai tr\u0103it teroarea r\u0103zboiului, si-a crescut copiii \u00een comunism cu stomacul gol \u0219i uite c\u0103 totu\u0219i, la 80 de ani are mintea limpede.<\/p>\n\n\n\n<p>Mama mea a crescut \u00eentr-o lume \u00een care femeile nu prea ridicau vocea sau privirea \u00een fa\u021ba b\u0103rba\u021bilor, iar acum \u00ee\u0219i voteaz\u0103 convingerile f\u0103r\u0103 s\u0103-i tremure m\u00e2na. A tr\u0103it \u00een dictatur\u0103, \u00een jungla din anii 90, iar apoi 22 de ani \u00een diaspor\u0103. Chiar n-o mai opre\u0219te nimic.<\/p>\n\n\n\n<p>Iar eu? Am crescut \u00eentr-o Rom\u00e2nie fr\u00e2nt\u0103, s\u0103r\u0103cit\u0103 de to\u021bi, pe toate fronturile, dar nespus de frumoas\u0103 \u0219i bun\u0103 cu mine, p\u00e2n\u0103 la urm\u0103, \u0219i \u00eenc\u0103 nu suficient de fr\u00e2nt\u0103 c\u00e2t s\u0103 m\u0103 conving\u0103 c\u0103 trebuie s\u0103 tac \u00een fa\u021ba huliganilor, a scelera\u021bilor care \u00ee\u0219i url\u0103 dreptatea ca pe stadion, care n-au muncit o zi \u00een via\u021ba lor, dar \u00eemi spun mie c\u0103 trebuie s\u0103 produc.<\/p>\n\n\n\n<p>Mi-am spus cuv\u00e2ntul cu decen\u021b\u0103, \u00een lini\u0219te, \u00een cabina de vot cu g\u00e2ndul la fata mea, la anii care o a\u0219teapt\u0103, sper\u00e2nd s\u0103 fie \u00een siguran\u021b\u0103 printre semenii ei, pe str\u0103zi, s\u0103 aiba un viitor senin \u0219i libertatea s\u0103 studieze oriunde \u00een lume.<\/p>\n\n\n\n<p>Anastasia a pus din nou \u0219tampila pe buletinul de vot cu responsabilitatea pe care eu sunt datoare, la r\u00e2ndul meu s\u0103 i-o transfer, a\u0219a cum \u0219i mama \u0219i mamaie m-au \u00eenv\u0103\u021bat pe mine. Este datoria mea s\u0103 o \u00eenv\u0103\u021b c\u0103 exercitarea votului este un drept foarte important \u0219i o responsabilitate frumoas\u0103, pe care o va respecta ori de c\u00e2te ori va fi cazul. CU DECEN\u021a\u0102 \u0218I RESPECT FA\u021a\u0102 DE \u021aARA \u00ceN CARE S-A N\u0102SCUT!<\/p>\n\n\n\n<p class=\"is-style-default\">18 mai, Anastasia a \u00eemplinit 8 ani \u0219i 10 luni. Nu o s\u0103 uit niciodat\u0103 cum am stat la mas\u0103, \u00een fa\u021ba televizorului, cu palmele transpirate, ochii mari, inima plesnea \u00een piept de emo\u021bii \u0219i fric\u0103 \u0219i tensiune, iar c\u00e2nd au venit rezultatele, ne-am uitat unii la ceilal\u021bi cu lacrimi \u00een ochi. Am zbierat de fericire! Am s\u0103rit \u00een sus! Am primit confirmarea c\u0103 a contat; fiecare vot a contat \u0219i va conta \u00eentotdeauna, la fiecare tur de alegeri.<\/p>\n","protected":false},"excerpt":{"rendered":"<p>Duminica asta n-am f\u0103cut ciorb\u0103, n-am lenevit, de\u0219i mi-a fost r\u0103u din cauza faringitei, ci m-am dus cu toat\u0103 speran\u021ba \u0219i spaima, totodat\u0103, la vot. Mi-am luat partenerul \u0219i copilul&hellip;<\/p>\n","protected":false},"author":1,"featured_media":3036,"comment_status":"open","ping_status":"open","sticky":false,"template":"","format":"standard","meta":{"footnotes":""},"categories":[7],"tags":[],"powerkit_post_featured":[],"_links":{"self":[{"href":"https:\/\/wordmaniangirl.ro\/?rest_route=\/wp\/v2\/posts\/3035"}],"collection":[{"href":"https:\/\/wordmaniangirl.ro\/?rest_route=\/wp\/v2\/posts"}],"about":[{"href":"https:\/\/wordmaniangirl.ro\/?rest_route=\/wp\/v2\/types\/post"}],"author":[{"embeddable":true,"href":"https:\/\/wordmaniangirl.ro\/?rest_route=\/wp\/v2\/users\/1"}],"replies":[{"embeddable":true,"href":"https:\/\/wordmaniangirl.ro\/?rest_route=%2Fwp%2Fv2%2Fcomments&post=3035"}],"version-history":[{"count":2,"href":"https:\/\/wordmaniangirl.ro\/?rest_route=\/wp\/v2\/posts\/3035\/revisions"}],"predecessor-version":[{"id":3038,"href":"https:\/\/wordmaniangirl.ro\/?rest_route=\/wp\/v2\/posts\/3035\/revisions\/3038"}],"wp:featuredmedia":[{"embeddable":true,"href":"https:\/\/wordmaniangirl.ro\/?rest_route=\/wp\/v2\/media\/3036"}],"wp:attachment":[{"href":"https:\/\/wordmaniangirl.ro\/?rest_route=%2Fwp%2Fv2%2Fmedia&parent=3035"}],"wp:term":[{"taxonomy":"category","embeddable":true,"href":"https:\/\/wordmaniangirl.ro\/?rest_route=%2Fwp%2Fv2%2Fcategories&post=3035"},{"taxonomy":"post_tag","embeddable":true,"href":"https:\/\/wordmaniangirl.ro\/?rest_route=%2Fwp%2Fv2%2Ftags&post=3035"},{"taxonomy":"powerkit_post_featured","embeddable":true,"href":"https:\/\/wordmaniangirl.ro\/?rest_route=%2Fwp%2Fv2%2Fpowerkit_post_featured&post=3035"}],"curies":[{"name":"wp","href":"https:\/\/api.w.org\/{rel}","templated":true}]}}